{"id":6929,"date":"2025-10-16T14:57:31","date_gmt":"2025-10-16T17:57:31","guid":{"rendered":"https:\/\/jfinvest.com.br\/ambar-completa-la-adquisicion-de-cuatro-centrales-hidroelectricas-de-cemig-en-minas-gerais\/"},"modified":"2026-03-26T18:22:08","modified_gmt":"2026-03-26T21:22:08","slug":"ambar-completa-la-adquisicion-de-cuatro-centrales-hidroelectricas-de-cemig-en-minas-gerais","status":"publish","type":"post","link":"https:\/\/jfsa.com.br\/es\/ambar-completa-la-adquisicion-de-cuatro-centrales-hidroelectricas-de-cemig-en-minas-gerais\/","title":{"rendered":"\u00c2mbar completa la adquisici\u00f3n de cuatro centrales hidroel\u00e9ctricas de Cemig, en Minas Gerais"},"content":{"rendered":"\n<p><em><br\/>La operaci\u00f3n refuerza la presencia de la compa\u00f1\u00eda en generaci\u00f3n renovable<\/em><\/p>\n\n<p><\/p>\n\n<p>\u00c2mbar Energia, empresa del grupo J&amp;F, concluy\u00f3 el jueves (16\/10) la adquisici\u00f3n de cuatro centrales hidroel\u00e9ctricas de Cemig, todas ubicadas en Minas Gerais. Juntas, las unidades suman 14,8 megavatios (MW) de capacidad instalada. <\/p>\n\n<p>La operaci\u00f3n es el resultado de la subasta celebrada en B3, en diciembre de 2024, en la que \u00c2mbar gan\u00f3 la licitaci\u00f3n para la adquisici\u00f3n, en un solo lote, de las plantas de Marmelos (4,0 MW), en Juiz de Fora; Martins (7,7 MW), en Uberl\u00e2ndia; Sincerity (1,4 MW), en Manhua\u00e7u; y Machado Mineiro (1,7 MW), en \u00c1guas Vermelhas.<\/p>\n\n<p>Con la conclusi\u00f3n del proceso, \u00c2mbar ahora opera 20 unidades hidroel\u00e9ctricas en Minas Gerais y Santa Catarina, ampliando su presencia en generaci\u00f3n renovable. Actualmente, la empresa cuenta con un portafolio de 50 unidades generadoras, considerando negocios en fase de cierre: solar, hidroel\u00e9ctrica, biodiesel, biomasa, biog\u00e1s, gas natural, entre otros. <\/p>\n\n<p>Esta medida refuerza la estrategia de la compa\u00f1\u00eda de mantener un portafolio amplio y complementario de fuentes, apoyando la transici\u00f3n energ\u00e9tica hacia una matriz baja en carbono en el pa\u00eds. \u00abLa prioridad de \u00c2mbar es garantizar la seguridad energ\u00e9tica del pa\u00eds, y esto solo es posible con una cartera diversificada de activos. La adquisici\u00f3n de estas centrales hidroel\u00e9ctricas refuerza nuestra estrategia de actuar en todos los frentes que sostienen la transici\u00f3n de manera responsable\u00bb, dice Marcelo Zanatta, presidente de \u00c2mbar Energia. <\/p>\n","protected":false},"excerpt":{"rendered":"<p>La operaci\u00f3n refuerza la presencia de la compa\u00f1\u00eda en generaci\u00f3n renovable \u00c2mbar Energia, empresa del grupo J&amp;F, concluy\u00f3 el jueves (16\/10) la adquisici\u00f3n de cuatro centrales hidroel\u00e9ctricas de Cemig, todas ubicadas en Minas Gerais. Juntas, las unidades suman 14,8 megavatios (MW) de capacidad instalada. La operaci\u00f3n es el resultado de la subasta celebrada en B3, [&hellip;]<\/p>\n","protected":false},"author":28,"featured_media":6905,"comment_status":"closed","ping_status":"closed","sticky":false,"template":"","format":"standard","meta":{"_acf_changed":false,"_uag_custom_page_level_css":"","site-sidebar-layout":"default","site-content-layout":"","ast-site-content-layout":"default","site-content-style":"default","site-sidebar-style":"default","ast-global-header-display":"","ast-banner-title-visibility":"","ast-main-header-display":"","ast-hfb-above-header-display":"","ast-hfb-below-header-display":"","ast-hfb-mobile-header-display":"","site-post-title":"","ast-breadcrumbs-content":"","ast-featured-img":"","footer-sml-layout":"","theme-transparent-header-meta":"","adv-header-id-meta":"","stick-header-meta":"","header-above-stick-meta":"","header-main-stick-meta":"","header-below-stick-meta":"","astra-migrate-meta-layouts":"default","ast-page-background-enabled":"default","ast-page-background-meta":{"desktop":{"background-color":"var(--ast-global-color-4)","background-image":"","background-repeat":"repeat","background-position":"center center","background-size":"auto","background-attachment":"scroll","background-type":"","background-media":"","overlay-type":"","overlay-color":"","overlay-opacity":"","overlay-gradient":""},"tablet":{"background-color":"","background-image":"","background-repeat":"repeat","background-position":"center center","background-size":"auto","background-attachment":"scroll","background-type":"","background-media":"","overlay-type":"","overlay-color":"","overlay-opacity":"","overlay-gradient":""},"mobile":{"background-color":"","background-image":"","background-repeat":"repeat","background-position":"center center","background-size":"auto","background-attachment":"scroll","background-type":"","background-media":"","overlay-type":"","overlay-color":"","overlay-opacity":"","overlay-gradient":""}},"ast-content-background-meta":{"desktop":{"background-color":"var(--ast-global-color-5)","background-image":"","background-repeat":"repeat","background-position":"center center","background-size":"auto","background-attachment":"scroll","background-type":"","background-media":"","overlay-type":"","overlay-color":"","overlay-opacity":"","overlay-gradient":""},"tablet":{"background-color":"var(--ast-global-color-5)","background-image":"","background-repeat":"repeat","background-position":"center center","background-size":"auto","background-attachment":"scroll","background-type":"","background-media":"","overlay-type":"","overlay-color":"","overlay-opacity":"","overlay-gradient":""},"mobile":{"background-color":"var(--ast-global-color-5)","background-image":"","background-repeat":"repeat","background-position":"center center","background-size":"auto","background-attachment":"scroll","background-type":"","background-media":"","overlay-type":"","overlay-color":"","overlay-opacity":"","overlay-gradient":""}},"footnotes":""},"categories":[97],"tags":[],"marcas":[24],"class_list":["post-6929","post","type-post","status-publish","format-standard","has-post-thumbnail","hentry","category-sin-categorizar","marcas-ambar-energia"],"acf":[],"yoast_head":"<!-- This site is optimized with the Yoast SEO plugin v24.7 - https:\/\/yoast.com\/wordpress\/plugins\/seo\/ -->\n<title>\u00c2mbar completa la adquisici\u00f3n de cuatro centrales hidroel\u00e9ctricas de Cemig, en Minas Gerais - J&amp;F<\/title>\n<meta name=\"description\" content=\"Acompanhe as principais novidades das empresas do grupo\" \/>\n<meta name=\"robots\" content=\"index, follow, max-snippet:-1, max-image-preview:large, max-video-preview:-1\" \/>\n<link rel=\"canonical\" href=\"https:\/\/jfsa.com.br\/es\/ambar-completa-la-adquisicion-de-cuatro-centrales-hidroelectricas-de-cemig-en-minas-gerais\/\" \/>\n<meta property=\"og:locale\" content=\"es_ES\" \/>\n<meta property=\"og:type\" content=\"article\" \/>\n<meta property=\"og:title\" content=\"\u00c2mbar completa la adquisici\u00f3n de cuatro centrales hidroel\u00e9ctricas de Cemig, en Minas Gerais - J&amp;F\" \/>\n<meta property=\"og:description\" content=\"Acompanhe as principais novidades das empresas do grupo\" \/>\n<meta property=\"og:url\" content=\"https:\/\/jfsa.com.br\/es\/ambar-completa-la-adquisicion-de-cuatro-centrales-hidroelectricas-de-cemig-en-minas-gerais\/\" \/>\n<meta property=\"og:site_name\" content=\"J&amp;F\" \/>\n<meta property=\"article:published_time\" content=\"2025-10-16T17:57:31+00:00\" \/>\n<meta property=\"article:modified_time\" content=\"2026-03-26T21:22:08+00:00\" \/>\n<meta property=\"og:image\" content=\"https:\/\/jfsa.com.br\/wp-content\/uploads\/2025\/10\/Usina-Marmelos_Divulgacao-CEMIG_2.jpg\" \/>\n\t<meta property=\"og:image:width\" content=\"808\" \/>\n\t<meta property=\"og:image:height\" content=\"605\" \/>\n\t<meta property=\"og:image:type\" content=\"image\/jpeg\" \/>\n<meta name=\"author\" content=\"Gabriela Vinhal\" \/>\n<meta name=\"twitter:card\" content=\"summary_large_image\" \/>\n<meta name=\"twitter:label1\" content=\"Escrito por\" \/>\n\t<meta name=\"twitter:data1\" content=\"Gabriela Vinhal\" \/>\n\t<meta name=\"twitter:label2\" content=\"Tiempo de lectura\" \/>\n\t<meta name=\"twitter:data2\" content=\"1 minuto\" \/>\n<script type=\"application\/ld+json\" class=\"yoast-schema-graph\">{\"@context\":\"https:\/\/schema.org\",\"@graph\":[{\"@type\":\"Article\",\"@id\":\"https:\/\/jfsa.com.br\/es\/ambar-completa-la-adquisicion-de-cuatro-centrales-hidroelectricas-de-cemig-en-minas-gerais\/#article\",\"isPartOf\":{\"@id\":\"https:\/\/jfsa.com.br\/es\/ambar-completa-la-adquisicion-de-cuatro-centrales-hidroelectricas-de-cemig-en-minas-gerais\/\"},\"author\":{\"name\":\"Gabriela Vinhal\",\"@id\":\"https:\/\/jfsa.com.br\/es\/#\/schema\/person\/ac9bcec455e1b4e65fbb25323f1dca7e\"},\"headline\":\"\u00c2mbar completa la adquisici\u00f3n de cuatro centrales hidroel\u00e9ctricas de Cemig, en Minas Gerais\",\"datePublished\":\"2025-10-16T17:57:31+00:00\",\"dateModified\":\"2026-03-26T21:22:08+00:00\",\"mainEntityOfPage\":{\"@id\":\"https:\/\/jfsa.com.br\/es\/ambar-completa-la-adquisicion-de-cuatro-centrales-hidroelectricas-de-cemig-en-minas-gerais\/\"},\"wordCount\":264,\"publisher\":{\"@id\":\"https:\/\/jfsa.com.br\/es\/#organization\"},\"image\":{\"@id\":\"https:\/\/jfsa.com.br\/es\/ambar-completa-la-adquisicion-de-cuatro-centrales-hidroelectricas-de-cemig-en-minas-gerais\/#primaryimage\"},\"thumbnailUrl\":\"https:\/\/jfsa.com.br\/wp-content\/uploads\/2025\/10\/Usina-Marmelos_Divulgacao-CEMIG_2.jpg\",\"articleSection\":[\"Sin categorizar\"],\"inLanguage\":\"es\"},{\"@type\":\"WebPage\",\"@id\":\"https:\/\/jfsa.com.br\/es\/ambar-completa-la-adquisicion-de-cuatro-centrales-hidroelectricas-de-cemig-en-minas-gerais\/\",\"url\":\"https:\/\/jfsa.com.br\/es\/ambar-completa-la-adquisicion-de-cuatro-centrales-hidroelectricas-de-cemig-en-minas-gerais\/\",\"name\":\"\u00c2mbar completa la adquisici\u00f3n de cuatro centrales hidroel\u00e9ctricas de Cemig, en Minas Gerais - J&amp;F\",\"isPartOf\":{\"@id\":\"https:\/\/jfsa.com.br\/es\/#website\"},\"primaryImageOfPage\":{\"@id\":\"https:\/\/jfsa.com.br\/es\/ambar-completa-la-adquisicion-de-cuatro-centrales-hidroelectricas-de-cemig-en-minas-gerais\/#primaryimage\"},\"image\":{\"@id\":\"https:\/\/jfsa.com.br\/es\/ambar-completa-la-adquisicion-de-cuatro-centrales-hidroelectricas-de-cemig-en-minas-gerais\/#primaryimage\"},\"thumbnailUrl\":\"https:\/\/jfsa.com.br\/wp-content\/uploads\/2025\/10\/Usina-Marmelos_Divulgacao-CEMIG_2.jpg\",\"datePublished\":\"2025-10-16T17:57:31+00:00\",\"dateModified\":\"2026-03-26T21:22:08+00:00\",\"description\":\"Acompanhe as principais novidades das empresas do grupo\",\"breadcrumb\":{\"@id\":\"https:\/\/jfsa.com.br\/es\/ambar-completa-la-adquisicion-de-cuatro-centrales-hidroelectricas-de-cemig-en-minas-gerais\/#breadcrumb\"},\"inLanguage\":\"es\",\"potentialAction\":[{\"@type\":\"ReadAction\",\"target\":[\"https:\/\/jfsa.com.br\/es\/ambar-completa-la-adquisicion-de-cuatro-centrales-hidroelectricas-de-cemig-en-minas-gerais\/\"]}]},{\"@type\":\"ImageObject\",\"inLanguage\":\"es\",\"@id\":\"https:\/\/jfsa.com.br\/es\/ambar-completa-la-adquisicion-de-cuatro-centrales-hidroelectricas-de-cemig-en-minas-gerais\/#primaryimage\",\"url\":\"https:\/\/jfsa.com.br\/wp-content\/uploads\/2025\/10\/Usina-Marmelos_Divulgacao-CEMIG_2.jpg\",\"contentUrl\":\"https:\/\/jfsa.com.br\/wp-content\/uploads\/2025\/10\/Usina-Marmelos_Divulgacao-CEMIG_2.jpg\",\"width\":808,\"height\":605,\"caption\":\"???????\"},{\"@type\":\"BreadcrumbList\",\"@id\":\"https:\/\/jfsa.com.br\/es\/ambar-completa-la-adquisicion-de-cuatro-centrales-hidroelectricas-de-cemig-en-minas-gerais\/#breadcrumb\",\"itemListElement\":[{\"@type\":\"ListItem\",\"position\":1,\"name\":\"In\u00edcio\",\"item\":\"https:\/\/jfsa.com.br\/es\/\"},{\"@type\":\"ListItem\",\"position\":2,\"name\":\"\u00c2mbar completa la adquisici\u00f3n de cuatro centrales hidroel\u00e9ctricas de Cemig, en Minas Gerais\"}]},{\"@type\":\"WebSite\",\"@id\":\"https:\/\/jfsa.com.br\/es\/#website\",\"url\":\"https:\/\/jfsa.com.br\/es\/\",\"name\":\"J&amp;F\",\"description\":\"O maior grupo econ\u00f4mico privado do pa\u00eds\",\"publisher\":{\"@id\":\"https:\/\/jfsa.com.br\/es\/#organization\"},\"potentialAction\":[{\"@type\":\"SearchAction\",\"target\":{\"@type\":\"EntryPoint\",\"urlTemplate\":\"https:\/\/jfsa.com.br\/es\/?s={search_term_string}\"},\"query-input\":{\"@type\":\"PropertyValueSpecification\",\"valueRequired\":true,\"valueName\":\"search_term_string\"}}],\"inLanguage\":\"es\"},{\"@type\":\"Organization\",\"@id\":\"https:\/\/jfsa.com.br\/es\/#organization\",\"name\":\"J&amp;F\",\"url\":\"https:\/\/jfsa.com.br\/es\/\",\"logo\":{\"@type\":\"ImageObject\",\"inLanguage\":\"es\",\"@id\":\"https:\/\/jfsa.com.br\/es\/#\/schema\/logo\/image\/\",\"url\":\"https:\/\/jfsa.com.br\/wp-content\/uploads\/2020\/01\/logo.svg\",\"contentUrl\":\"https:\/\/jfsa.com.br\/wp-content\/uploads\/2020\/01\/logo.svg\",\"width\":59,\"height\":59,\"caption\":\"J&amp;F\"},\"image\":{\"@id\":\"https:\/\/jfsa.com.br\/es\/#\/schema\/logo\/image\/\"}},{\"@type\":\"Person\",\"@id\":\"https:\/\/jfsa.com.br\/es\/#\/schema\/person\/ac9bcec455e1b4e65fbb25323f1dca7e\",\"name\":\"Gabriela Vinhal\",\"image\":{\"@type\":\"ImageObject\",\"inLanguage\":\"es\",\"@id\":\"https:\/\/jfsa.com.br\/es\/#\/schema\/person\/image\/\",\"url\":\"https:\/\/secure.gravatar.com\/avatar\/a168e6e97681cac3a9507adcfa3c9d0a?s=96&d=mm&r=g\",\"contentUrl\":\"https:\/\/secure.gravatar.com\/avatar\/a168e6e97681cac3a9507adcfa3c9d0a?s=96&d=mm&r=g\",\"caption\":\"Gabriela Vinhal\"}}]}<\/script>\n<!-- \/ Yoast SEO plugin. -->","yoast_head_json":{"title":"\u00c2mbar completa la adquisici\u00f3n de cuatro centrales hidroel\u00e9ctricas de Cemig, en Minas Gerais - J&amp;F","description":"Acompanhe as principais novidades das empresas do grupo","robots":{"index":"index","follow":"follow","max-snippet":"max-snippet:-1","max-image-preview":"max-image-preview:large","max-video-preview":"max-video-preview:-1"},"canonical":"https:\/\/jfsa.com.br\/es\/ambar-completa-la-adquisicion-de-cuatro-centrales-hidroelectricas-de-cemig-en-minas-gerais\/","og_locale":"es_ES","og_type":"article","og_title":"\u00c2mbar completa la adquisici\u00f3n de cuatro centrales hidroel\u00e9ctricas de Cemig, en Minas Gerais - J&amp;F","og_description":"Acompanhe as principais novidades das empresas do grupo","og_url":"https:\/\/jfsa.com.br\/es\/ambar-completa-la-adquisicion-de-cuatro-centrales-hidroelectricas-de-cemig-en-minas-gerais\/","og_site_name":"J&amp;F","article_published_time":"2025-10-16T17:57:31+00:00","article_modified_time":"2026-03-26T21:22:08+00:00","og_image":[{"width":808,"height":605,"url":"https:\/\/jfsa.com.br\/wp-content\/uploads\/2025\/10\/Usina-Marmelos_Divulgacao-CEMIG_2.jpg","type":"image\/jpeg"}],"author":"Gabriela Vinhal","twitter_card":"summary_large_image","twitter_misc":{"Escrito por":"Gabriela Vinhal","Tiempo de lectura":"1 minuto"},"schema":{"@context":"https:\/\/schema.org","@graph":[{"@type":"Article","@id":"https:\/\/jfsa.com.br\/es\/ambar-completa-la-adquisicion-de-cuatro-centrales-hidroelectricas-de-cemig-en-minas-gerais\/#article","isPartOf":{"@id":"https:\/\/jfsa.com.br\/es\/ambar-completa-la-adquisicion-de-cuatro-centrales-hidroelectricas-de-cemig-en-minas-gerais\/"},"author":{"name":"Gabriela Vinhal","@id":"https:\/\/jfsa.com.br\/es\/#\/schema\/person\/ac9bcec455e1b4e65fbb25323f1dca7e"},"headline":"\u00c2mbar completa la adquisici\u00f3n de cuatro centrales hidroel\u00e9ctricas de Cemig, en Minas Gerais","datePublished":"2025-10-16T17:57:31+00:00","dateModified":"2026-03-26T21:22:08+00:00","mainEntityOfPage":{"@id":"https:\/\/jfsa.com.br\/es\/ambar-completa-la-adquisicion-de-cuatro-centrales-hidroelectricas-de-cemig-en-minas-gerais\/"},"wordCount":264,"publisher":{"@id":"https:\/\/jfsa.com.br\/es\/#organization"},"image":{"@id":"https:\/\/jfsa.com.br\/es\/ambar-completa-la-adquisicion-de-cuatro-centrales-hidroelectricas-de-cemig-en-minas-gerais\/#primaryimage"},"thumbnailUrl":"https:\/\/jfsa.com.br\/wp-content\/uploads\/2025\/10\/Usina-Marmelos_Divulgacao-CEMIG_2.jpg","articleSection":["Sin categorizar"],"inLanguage":"es"},{"@type":"WebPage","@id":"https:\/\/jfsa.com.br\/es\/ambar-completa-la-adquisicion-de-cuatro-centrales-hidroelectricas-de-cemig-en-minas-gerais\/","url":"https:\/\/jfsa.com.br\/es\/ambar-completa-la-adquisicion-de-cuatro-centrales-hidroelectricas-de-cemig-en-minas-gerais\/","name":"\u00c2mbar completa la adquisici\u00f3n de cuatro centrales hidroel\u00e9ctricas de Cemig, en Minas Gerais - J&amp;F","isPartOf":{"@id":"https:\/\/jfsa.com.br\/es\/#website"},"primaryImageOfPage":{"@id":"https:\/\/jfsa.com.br\/es\/ambar-completa-la-adquisicion-de-cuatro-centrales-hidroelectricas-de-cemig-en-minas-gerais\/#primaryimage"},"image":{"@id":"https:\/\/jfsa.com.br\/es\/ambar-completa-la-adquisicion-de-cuatro-centrales-hidroelectricas-de-cemig-en-minas-gerais\/#primaryimage"},"thumbnailUrl":"https:\/\/jfsa.com.br\/wp-content\/uploads\/2025\/10\/Usina-Marmelos_Divulgacao-CEMIG_2.jpg","datePublished":"2025-10-16T17:57:31+00:00","dateModified":"2026-03-26T21:22:08+00:00","description":"Acompanhe as principais novidades das empresas do grupo","breadcrumb":{"@id":"https:\/\/jfsa.com.br\/es\/ambar-completa-la-adquisicion-de-cuatro-centrales-hidroelectricas-de-cemig-en-minas-gerais\/#breadcrumb"},"inLanguage":"es","potentialAction":[{"@type":"ReadAction","target":["https:\/\/jfsa.com.br\/es\/ambar-completa-la-adquisicion-de-cuatro-centrales-hidroelectricas-de-cemig-en-minas-gerais\/"]}]},{"@type":"ImageObject","inLanguage":"es","@id":"https:\/\/jfsa.com.br\/es\/ambar-completa-la-adquisicion-de-cuatro-centrales-hidroelectricas-de-cemig-en-minas-gerais\/#primaryimage","url":"https:\/\/jfsa.com.br\/wp-content\/uploads\/2025\/10\/Usina-Marmelos_Divulgacao-CEMIG_2.jpg","contentUrl":"https:\/\/jfsa.com.br\/wp-content\/uploads\/2025\/10\/Usina-Marmelos_Divulgacao-CEMIG_2.jpg","width":808,"height":605,"caption":"???????"},{"@type":"BreadcrumbList","@id":"https:\/\/jfsa.com.br\/es\/ambar-completa-la-adquisicion-de-cuatro-centrales-hidroelectricas-de-cemig-en-minas-gerais\/#breadcrumb","itemListElement":[{"@type":"ListItem","position":1,"name":"In\u00edcio","item":"https:\/\/jfsa.com.br\/es\/"},{"@type":"ListItem","position":2,"name":"\u00c2mbar completa la adquisici\u00f3n de cuatro centrales hidroel\u00e9ctricas de Cemig, en Minas Gerais"}]},{"@type":"WebSite","@id":"https:\/\/jfsa.com.br\/es\/#website","url":"https:\/\/jfsa.com.br\/es\/","name":"J&amp;F","description":"O maior grupo econ\u00f4mico privado do pa\u00eds","publisher":{"@id":"https:\/\/jfsa.com.br\/es\/#organization"},"potentialAction":[{"@type":"SearchAction","target":{"@type":"EntryPoint","urlTemplate":"https:\/\/jfsa.com.br\/es\/?s={search_term_string}"},"query-input":{"@type":"PropertyValueSpecification","valueRequired":true,"valueName":"search_term_string"}}],"inLanguage":"es"},{"@type":"Organization","@id":"https:\/\/jfsa.com.br\/es\/#organization","name":"J&amp;F","url":"https:\/\/jfsa.com.br\/es\/","logo":{"@type":"ImageObject","inLanguage":"es","@id":"https:\/\/jfsa.com.br\/es\/#\/schema\/logo\/image\/","url":"https:\/\/jfsa.com.br\/wp-content\/uploads\/2020\/01\/logo.svg","contentUrl":"https:\/\/jfsa.com.br\/wp-content\/uploads\/2020\/01\/logo.svg","width":59,"height":59,"caption":"J&amp;F"},"image":{"@id":"https:\/\/jfsa.com.br\/es\/#\/schema\/logo\/image\/"}},{"@type":"Person","@id":"https:\/\/jfsa.com.br\/es\/#\/schema\/person\/ac9bcec455e1b4e65fbb25323f1dca7e","name":"Gabriela Vinhal","image":{"@type":"ImageObject","inLanguage":"es","@id":"https:\/\/jfsa.com.br\/es\/#\/schema\/person\/image\/","url":"https:\/\/secure.gravatar.com\/avatar\/a168e6e97681cac3a9507adcfa3c9d0a?s=96&d=mm&r=g","contentUrl":"https:\/\/secure.gravatar.com\/avatar\/a168e6e97681cac3a9507adcfa3c9d0a?s=96&d=mm&r=g","caption":"Gabriela Vinhal"}}]}},"uagb_featured_image_src":{"full":["https:\/\/jfsa.com.br\/wp-content\/uploads\/2025\/10\/Usina-Marmelos_Divulgacao-CEMIG_2.jpg",808,605,false],"thumbnail":["https:\/\/jfsa.com.br\/wp-content\/uploads\/2025\/10\/Usina-Marmelos_Divulgacao-CEMIG_2-300x300.jpg",300,300,true],"medium":["https:\/\/jfsa.com.br\/wp-content\/uploads\/2025\/10\/Usina-Marmelos_Divulgacao-CEMIG_2-640x480.jpg",640,480,true],"medium_large":["https:\/\/jfsa.com.br\/wp-content\/uploads\/2025\/10\/Usina-Marmelos_Divulgacao-CEMIG_2-768x575.jpg",768,575,true],"large":["https:\/\/jfsa.com.br\/wp-content\/uploads\/2025\/10\/Usina-Marmelos_Divulgacao-CEMIG_2.jpg",808,605,false],"1536x1536":["https:\/\/jfsa.com.br\/wp-content\/uploads\/2025\/10\/Usina-Marmelos_Divulgacao-CEMIG_2.jpg",808,605,false],"2048x2048":["https:\/\/jfsa.com.br\/wp-content\/uploads\/2025\/10\/Usina-Marmelos_Divulgacao-CEMIG_2.jpg",808,605,false]},"uagb_author_info":{"display_name":"Gabriela Vinhal","author_link":"https:\/\/jfsa.com.br\/es\/author\/gabriela-vinhal\/"},"uagb_comment_info":0,"uagb_excerpt":"La operaci\u00f3n refuerza la presencia de la compa\u00f1\u00eda en generaci\u00f3n renovable \u00c2mbar Energia, empresa del grupo J&amp;F, concluy\u00f3 el jueves (16\/10) la adquisici\u00f3n de cuatro centrales hidroel\u00e9ctricas de Cemig, todas ubicadas en Minas Gerais. Juntas, las unidades suman 14,8 megavatios (MW) de capacidad instalada. La operaci\u00f3n es el resultado de la subasta celebrada en B3,&hellip;","_links":{"self":[{"href":"https:\/\/jfsa.com.br\/es\/wp-json\/wp\/v2\/posts\/6929","targetHints":{"allow":["GET"]}}],"collection":[{"href":"https:\/\/jfsa.com.br\/es\/wp-json\/wp\/v2\/posts"}],"about":[{"href":"https:\/\/jfsa.com.br\/es\/wp-json\/wp\/v2\/types\/post"}],"author":[{"embeddable":true,"href":"https:\/\/jfsa.com.br\/es\/wp-json\/wp\/v2\/users\/28"}],"replies":[{"embeddable":true,"href":"https:\/\/jfsa.com.br\/es\/wp-json\/wp\/v2\/comments?post=6929"}],"version-history":[{"count":1,"href":"https:\/\/jfsa.com.br\/es\/wp-json\/wp\/v2\/posts\/6929\/revisions"}],"predecessor-version":[{"id":6930,"href":"https:\/\/jfsa.com.br\/es\/wp-json\/wp\/v2\/posts\/6929\/revisions\/6930"}],"wp:featuredmedia":[{"embeddable":true,"href":"https:\/\/jfsa.com.br\/es\/wp-json\/wp\/v2\/media\/6905"}],"wp:attachment":[{"href":"https:\/\/jfsa.com.br\/es\/wp-json\/wp\/v2\/media?parent=6929"}],"wp:term":[{"taxonomy":"category","embeddable":true,"href":"https:\/\/jfsa.com.br\/es\/wp-json\/wp\/v2\/categories?post=6929"},{"taxonomy":"post_tag","embeddable":true,"href":"https:\/\/jfsa.com.br\/es\/wp-json\/wp\/v2\/tags?post=6929"},{"taxonomy":"marcas","embeddable":true,"href":"https:\/\/jfsa.com.br\/es\/wp-json\/wp\/v2\/marcas?post=6929"}],"curies":[{"name":"wp","href":"https:\/\/api.w.org\/{rel}","templated":true}]}}