{"id":7780,"date":"2026-02-03T17:54:52","date_gmt":"2026-02-03T20:54:52","guid":{"rendered":"https:\/\/jfsa.com.br\/jf-se-reestructura-para-convertirse-en-uno-de-los-mayores-conglomerados-industriales-del-mundo\/"},"modified":"2026-04-07T18:22:55","modified_gmt":"2026-04-07T21:22:55","slug":"jf-se-reestructura-para-convertirse-en-uno-de-los-mayores-conglomerados-industriales-del-mundo","status":"publish","type":"post","link":"https:\/\/jfsa.com.br\/es\/jf-se-reestructura-para-convertirse-en-uno-de-los-mayores-conglomerados-industriales-del-mundo\/","title":{"rendered":"J&amp;F se reestructura para convertirse en uno de los mayores conglomerados industriales del mundo"},"content":{"rendered":"\n<p><em>La empresa refuerza la gobernanza con un nuevo Consejo de Administraci\u00f3n y un Consejo Fiscal independiente; la empresa recibe la calificaci\u00f3n BB+\/Ba1 de las principales agencias, a un paso de la categor\u00eda de inversi\u00f3n<\/em><\/p>\n\n<p>J&amp;F S.A. ha anunciado una reestructuraci\u00f3n interna que la transforma de una sociedad holding de inversiones en uno de los mayores conglomerados industriales del mundo. El proceso comenz\u00f3 con el cambio de nombre de la empresa, anteriormente J&amp;F Investimentos, y adopta tres pilares: el fortalecimiento de las estructuras de gobernanza, la integraci\u00f3n de la gesti\u00f3n financiera y un plan para incorporar negocios 100% controlados. <\/p>\n\n<p>La nueva estructura de gobernanza de J&amp;F S.A. sigue las mejores pr\u00e1cticas internacionales. Actualmente, la empresa cuenta con un nuevo Consejo de Administraci\u00f3n y un Consejo Fiscal compuesto por tres miembros independientes. <\/p>\n\n<p>Adem\u00e1s, la empresa ya no es una sociedad holding y ahora est\u00e1 organizada en cinco unidades de negocio: Energ\u00eda (Amber), Higiene y Cosm\u00e9tica (Flora), Celulosa (Eldorado Brasil), Miner\u00eda (Lhg Mining) y Alimentaci\u00f3n (JBS). \u00c2mbar ya ha sido incorporada a J&amp;F S.A. y se est\u00e1 llevando a cabo un plan para incorporar las dem\u00e1s empresas, con la excepci\u00f3n de JBS. \u00abEstamos creando una empresa m\u00e1s fuerte con mayor potencial de creaci\u00f3n de valor, manteniendo a los equipos de cada negocio centrados en el rendimiento operativo\u00bb, afirm\u00f3 Aguinaldo Filho, presidente de J&amp;F S.A.  <\/p>\n\n<p>Como resultado, la gesti\u00f3n financiera de las empresas fusionadas se centraliza, optimizando la estructura de capital y reforzando la posici\u00f3n de J&amp;F S.A. en el acceso al mercado de capitales. La empresa cuenta ahora con una pol\u00edtica financiera que establece par\u00e1metros acordes con la calificaci\u00f3n de inversi\u00f3n. \u00abLa gesti\u00f3n financiera centralizada en una empresa diversificada contribuye a la mitigaci\u00f3n de riesgos y permite una mejor asignaci\u00f3n del capital entre todos los segmentos en los que operamos\u00bb, afirma Fernando Storchi, director financiero de J&amp;F S.A., quien ocup\u00f3 el mismo puesto en Eldorado Brasil Celulose.  <\/p>\n\n<p>Con operaciones en 20 pa\u00edses, J&amp;F S.A. se consolida como una empresa controlada por una familia con operaciones globales y visi\u00f3n a largo plazo, en sectores esenciales, maduros y a gran escala. La diversificaci\u00f3n empresarial contribuye a una mayor estabilidad de los flujos de caja, a la reducci\u00f3n de la volatilidad y a un fortalecimiento de la resiliencia financiera. <\/p>\n\n<p><strong>Audiencias<\/strong><\/p>\n\n<p>J&amp;F S.A. ha obtenido calificaciones de las principales agencias de calificaci\u00f3n de riesgo, con calificaciones BB+ de Fitch y S&amp;P Global y Ba1 de Moody&#8217;s. Estas calificaciones son de grado nacional de inversi\u00f3n y est\u00e1n a un paso de alcanzar el grado de inversi\u00f3n global. <\/p>\n\n<p>Con unos ingresos consolidados de R$ 490.000 millones (LTM 3T2025) y alrededor de 297 mil empleados, J&amp;F S.A. nace como una de las 10 mayores empresas familiares del mundo en ingresos y n\u00famero de empleados, seg\u00fan datos del ranking \u00ab2025 EY and University of St. Gallen Global 500 Family Business Index\u00bb.<\/p>\n\n<p><strong>Junta Directiva<\/strong><\/p>\n\n<p>El Consejo de Administraci\u00f3n est\u00e1 ahora formado por siete miembros, tres de los cuales pertenecen a la familia controladora: el fundador del grupo, Jos\u00e9 Batista Sobrinho, y los accionistas Wesley Batista y Joesley Batista. Los cuatro miembros independientes son: Francisco S\u00e9rgio Turra, licenciado en Derecho, ex Ministro de Agricultura y presidente del Consejo Asesor de la Asociaci\u00f3n Brasile\u00f1a de Prote\u00ednas Animales (ABPA); Gelson Luiz Mer\u00edsio, administrador empresarial, expresidente del Consejo Deliberativo de Sebrae-SC y ex vicepresidente de la Confederaci\u00f3n de Asociaciones Mercantiles de Brasil (CACB); Orlando Oct\u00e1vio de Freitas J\u00fanior, contable y auditor financiero con m\u00e1s de 35 a\u00f1os de experiencia en firmas como BDO y KPMG; y Henrique de Campos Meirelles, administrador empresarial, exministro de Finanzas y expresidente del Banco Central y del Banco de Boston. <\/p>\n\n<p><strong>Gesti\u00f3n<\/strong><\/p>\n\n<p>Adem\u00e1s de Aguinaldo Filho como CEO y Fernando Storchi como CFO, el consejo de administraci\u00f3n de J&amp;F S.A. est\u00e1 formado por: Francisco de Assis e Silva, Vicepresidente de Asuntos Jur\u00eddicos y Corporativos; Andr\u00e9 Ocampos, Director de Administraci\u00f3n y Control; Lucio Martins, Director Global de Integridad; adem\u00e1s de los directores responsables de las unidades de negocio: Marcelo Zanatta en Energ\u00eda, Carmine De Siervi en Celulosa, S\u00e9rgio Caldas en Higiene y Cosm\u00e9tica y Darlan Carvalho en Miner\u00eda. La gobernanza de JBS est\u00e1 definida por sus propios organismos y no sufre ning\u00fan cambio. <\/p>\n\n<p><\/p>\n","protected":false},"excerpt":{"rendered":"<p>La empresa refuerza la gobernanza con un nuevo Consejo de Administraci\u00f3n y un Consejo Fiscal independiente; la empresa recibe la calificaci\u00f3n BB+\/Ba1 de las principales agencias, a un paso de la categor\u00eda de inversi\u00f3n J&amp;F S.A. ha anunciado una reestructuraci\u00f3n interna que la transforma de una sociedad holding de inversiones en uno de los mayores [&hellip;]<\/p>\n","protected":false},"author":34,"featured_media":7566,"comment_status":"closed","ping_status":"closed","sticky":false,"template":"","format":"standard","meta":{"_acf_changed":false,"_uag_custom_page_level_css":"","site-sidebar-layout":"default","site-content-layout":"","ast-site-content-layout":"default","site-content-style":"default","site-sidebar-style":"default","ast-global-header-display":"","ast-banner-title-visibility":"","ast-main-header-display":"","ast-hfb-above-header-display":"","ast-hfb-below-header-display":"","ast-hfb-mobile-header-display":"","site-post-title":"","ast-breadcrumbs-content":"","ast-featured-img":"","footer-sml-layout":"","theme-transparent-header-meta":"","adv-header-id-meta":"","stick-header-meta":"","header-above-stick-meta":"","header-main-stick-meta":"","header-below-stick-meta":"","astra-migrate-meta-layouts":"default","ast-page-background-enabled":"default","ast-page-background-meta":{"desktop":{"background-color":"var(--ast-global-color-4)","background-image":"","background-repeat":"repeat","background-position":"center center","background-size":"auto","background-attachment":"scroll","background-type":"","background-media":"","overlay-type":"","overlay-color":"","overlay-opacity":"","overlay-gradient":""},"tablet":{"background-color":"","background-image":"","background-repeat":"repeat","background-position":"center center","background-size":"auto","background-attachment":"scroll","background-type":"","background-media":"","overlay-type":"","overlay-color":"","overlay-opacity":"","overlay-gradient":""},"mobile":{"background-color":"","background-image":"","background-repeat":"repeat","background-position":"center center","background-size":"auto","background-attachment":"scroll","background-type":"","background-media":"","overlay-type":"","overlay-color":"","overlay-opacity":"","overlay-gradient":""}},"ast-content-background-meta":{"desktop":{"background-color":"var(--ast-global-color-5)","background-image":"","background-repeat":"repeat","background-position":"center center","background-size":"auto","background-attachment":"scroll","background-type":"","background-media":"","overlay-type":"","overlay-color":"","overlay-opacity":"","overlay-gradient":""},"tablet":{"background-color":"var(--ast-global-color-5)","background-image":"","background-repeat":"repeat","background-position":"center center","background-size":"auto","background-attachment":"scroll","background-type":"","background-media":"","overlay-type":"","overlay-color":"","overlay-opacity":"","overlay-gradient":""},"mobile":{"background-color":"var(--ast-global-color-5)","background-image":"","background-repeat":"repeat","background-position":"center center","background-size":"auto","background-attachment":"scroll","background-type":"","background-media":"","overlay-type":"","overlay-color":"","overlay-opacity":"","overlay-gradient":""}},"footnotes":""},"categories":[97],"tags":[],"marcas":[73],"class_list":["post-7780","post","type-post","status-publish","format-standard","has-post-thumbnail","hentry","category-sin-categorizar","marcas-jf"],"acf":[],"yoast_head":"<!-- This site is optimized with the Yoast SEO plugin v24.7 - https:\/\/yoast.com\/wordpress\/plugins\/seo\/ -->\n<title>J&amp;F se reestructura para convertirse en uno de los mayores conglomerados industriales del mundo - J&amp;F<\/title>\n<meta name=\"description\" content=\"Acompanhe as principais novidades das empresas do grupo\" \/>\n<meta name=\"robots\" content=\"index, follow, max-snippet:-1, max-image-preview:large, max-video-preview:-1\" \/>\n<link rel=\"canonical\" href=\"https:\/\/jfsa.com.br\/es\/jf-se-reestructura-para-convertirse-en-uno-de-los-mayores-conglomerados-industriales-del-mundo\/\" \/>\n<meta property=\"og:locale\" content=\"es_ES\" \/>\n<meta property=\"og:type\" content=\"article\" \/>\n<meta property=\"og:title\" content=\"J&amp;F se reestructura para convertirse en uno de los mayores conglomerados industriales del mundo - J&amp;F\" \/>\n<meta property=\"og:description\" content=\"Acompanhe as principais novidades das empresas do grupo\" \/>\n<meta property=\"og:url\" content=\"https:\/\/jfsa.com.br\/es\/jf-se-reestructura-para-convertirse-en-uno-de-los-mayores-conglomerados-industriales-del-mundo\/\" \/>\n<meta property=\"og:site_name\" content=\"J&amp;F\" \/>\n<meta property=\"article:published_time\" content=\"2026-02-03T20:54:52+00:00\" \/>\n<meta property=\"article:modified_time\" content=\"2026-04-07T21:22:55+00:00\" \/>\n<meta property=\"og:image\" content=\"https:\/\/jfsa.com.br\/wp-content\/uploads\/2026\/03\/Matriz-JBS-Ceu-Azul-Alta-2-scaled.jpg\" \/>\n\t<meta property=\"og:image:width\" content=\"2560\" \/>\n\t<meta property=\"og:image:height\" content=\"1762\" \/>\n\t<meta property=\"og:image:type\" content=\"image\/jpeg\" \/>\n<meta name=\"author\" content=\"J\u00e9ssica Mendes\" \/>\n<meta name=\"twitter:card\" content=\"summary_large_image\" \/>\n<meta name=\"twitter:label1\" content=\"Escrito por\" \/>\n\t<meta name=\"twitter:data1\" content=\"J\u00e9ssica Mendes\" \/>\n\t<meta name=\"twitter:label2\" content=\"Tiempo de lectura\" \/>\n\t<meta name=\"twitter:data2\" content=\"4 minutos\" \/>\n<script type=\"application\/ld+json\" class=\"yoast-schema-graph\">{\"@context\":\"https:\/\/schema.org\",\"@graph\":[{\"@type\":\"Article\",\"@id\":\"https:\/\/jfsa.com.br\/es\/jf-se-reestructura-para-convertirse-en-uno-de-los-mayores-conglomerados-industriales-del-mundo\/#article\",\"isPartOf\":{\"@id\":\"https:\/\/jfsa.com.br\/es\/jf-se-reestructura-para-convertirse-en-uno-de-los-mayores-conglomerados-industriales-del-mundo\/\"},\"author\":{\"name\":\"J\u00e9ssica Mendes\",\"@id\":\"https:\/\/jfsa.com.br\/es\/#\/schema\/person\/e2db515970d067957a87e7a150af701d\"},\"headline\":\"J&amp;F se reestructura para convertirse en uno de los mayores conglomerados industriales del mundo\",\"datePublished\":\"2026-02-03T20:54:52+00:00\",\"dateModified\":\"2026-04-07T21:22:55+00:00\",\"mainEntityOfPage\":{\"@id\":\"https:\/\/jfsa.com.br\/es\/jf-se-reestructura-para-convertirse-en-uno-de-los-mayores-conglomerados-industriales-del-mundo\/\"},\"wordCount\":792,\"publisher\":{\"@id\":\"https:\/\/jfsa.com.br\/es\/#organization\"},\"image\":{\"@id\":\"https:\/\/jfsa.com.br\/es\/jf-se-reestructura-para-convertirse-en-uno-de-los-mayores-conglomerados-industriales-del-mundo\/#primaryimage\"},\"thumbnailUrl\":\"https:\/\/jfsa.com.br\/wp-content\/uploads\/2026\/03\/Matriz-JBS-Ceu-Azul-Alta-2-scaled.jpg\",\"articleSection\":[\"Sin categorizar\"],\"inLanguage\":\"es\"},{\"@type\":\"WebPage\",\"@id\":\"https:\/\/jfsa.com.br\/es\/jf-se-reestructura-para-convertirse-en-uno-de-los-mayores-conglomerados-industriales-del-mundo\/\",\"url\":\"https:\/\/jfsa.com.br\/es\/jf-se-reestructura-para-convertirse-en-uno-de-los-mayores-conglomerados-industriales-del-mundo\/\",\"name\":\"J&amp;F se reestructura para convertirse en uno de los mayores conglomerados industriales del mundo - J&amp;F\",\"isPartOf\":{\"@id\":\"https:\/\/jfsa.com.br\/es\/#website\"},\"primaryImageOfPage\":{\"@id\":\"https:\/\/jfsa.com.br\/es\/jf-se-reestructura-para-convertirse-en-uno-de-los-mayores-conglomerados-industriales-del-mundo\/#primaryimage\"},\"image\":{\"@id\":\"https:\/\/jfsa.com.br\/es\/jf-se-reestructura-para-convertirse-en-uno-de-los-mayores-conglomerados-industriales-del-mundo\/#primaryimage\"},\"thumbnailUrl\":\"https:\/\/jfsa.com.br\/wp-content\/uploads\/2026\/03\/Matriz-JBS-Ceu-Azul-Alta-2-scaled.jpg\",\"datePublished\":\"2026-02-03T20:54:52+00:00\",\"dateModified\":\"2026-04-07T21:22:55+00:00\",\"description\":\"Acompanhe as principais novidades das empresas do grupo\",\"breadcrumb\":{\"@id\":\"https:\/\/jfsa.com.br\/es\/jf-se-reestructura-para-convertirse-en-uno-de-los-mayores-conglomerados-industriales-del-mundo\/#breadcrumb\"},\"inLanguage\":\"es\",\"potentialAction\":[{\"@type\":\"ReadAction\",\"target\":[\"https:\/\/jfsa.com.br\/es\/jf-se-reestructura-para-convertirse-en-uno-de-los-mayores-conglomerados-industriales-del-mundo\/\"]}]},{\"@type\":\"ImageObject\",\"inLanguage\":\"es\",\"@id\":\"https:\/\/jfsa.com.br\/es\/jf-se-reestructura-para-convertirse-en-uno-de-los-mayores-conglomerados-industriales-del-mundo\/#primaryimage\",\"url\":\"https:\/\/jfsa.com.br\/wp-content\/uploads\/2026\/03\/Matriz-JBS-Ceu-Azul-Alta-2-scaled.jpg\",\"contentUrl\":\"https:\/\/jfsa.com.br\/wp-content\/uploads\/2026\/03\/Matriz-JBS-Ceu-Azul-Alta-2-scaled.jpg\",\"width\":2560,\"height\":1762,\"caption\":\"Matriz J&F S.A.\"},{\"@type\":\"BreadcrumbList\",\"@id\":\"https:\/\/jfsa.com.br\/es\/jf-se-reestructura-para-convertirse-en-uno-de-los-mayores-conglomerados-industriales-del-mundo\/#breadcrumb\",\"itemListElement\":[{\"@type\":\"ListItem\",\"position\":1,\"name\":\"In\u00edcio\",\"item\":\"https:\/\/jfsa.com.br\/es\/\"},{\"@type\":\"ListItem\",\"position\":2,\"name\":\"J&amp;F se reestructura para convertirse en uno de los mayores conglomerados industriales del mundo\"}]},{\"@type\":\"WebSite\",\"@id\":\"https:\/\/jfsa.com.br\/es\/#website\",\"url\":\"https:\/\/jfsa.com.br\/es\/\",\"name\":\"J&amp;F\",\"description\":\"O maior grupo econ\u00f4mico privado do pa\u00eds\",\"publisher\":{\"@id\":\"https:\/\/jfsa.com.br\/es\/#organization\"},\"potentialAction\":[{\"@type\":\"SearchAction\",\"target\":{\"@type\":\"EntryPoint\",\"urlTemplate\":\"https:\/\/jfsa.com.br\/es\/?s={search_term_string}\"},\"query-input\":{\"@type\":\"PropertyValueSpecification\",\"valueRequired\":true,\"valueName\":\"search_term_string\"}}],\"inLanguage\":\"es\"},{\"@type\":\"Organization\",\"@id\":\"https:\/\/jfsa.com.br\/es\/#organization\",\"name\":\"J&amp;F\",\"url\":\"https:\/\/jfsa.com.br\/es\/\",\"logo\":{\"@type\":\"ImageObject\",\"inLanguage\":\"es\",\"@id\":\"https:\/\/jfsa.com.br\/es\/#\/schema\/logo\/image\/\",\"url\":\"https:\/\/jfsa.com.br\/wp-content\/uploads\/2020\/01\/logo.svg\",\"contentUrl\":\"https:\/\/jfsa.com.br\/wp-content\/uploads\/2020\/01\/logo.svg\",\"width\":59,\"height\":59,\"caption\":\"J&amp;F\"},\"image\":{\"@id\":\"https:\/\/jfsa.com.br\/es\/#\/schema\/logo\/image\/\"}},{\"@type\":\"Person\",\"@id\":\"https:\/\/jfsa.com.br\/es\/#\/schema\/person\/e2db515970d067957a87e7a150af701d\",\"name\":\"J\u00e9ssica Mendes\",\"image\":{\"@type\":\"ImageObject\",\"inLanguage\":\"es\",\"@id\":\"https:\/\/jfsa.com.br\/es\/#\/schema\/person\/image\/\",\"url\":\"https:\/\/secure.gravatar.com\/avatar\/113c063eb2c07a489e658222d72395aa?s=96&d=mm&r=g\",\"contentUrl\":\"https:\/\/secure.gravatar.com\/avatar\/113c063eb2c07a489e658222d72395aa?s=96&d=mm&r=g\",\"caption\":\"J\u00e9ssica Mendes\"}}]}<\/script>\n<!-- \/ Yoast SEO plugin. -->","yoast_head_json":{"title":"J&amp;F se reestructura para convertirse en uno de los mayores conglomerados industriales del mundo - J&amp;F","description":"Acompanhe as principais novidades das empresas do grupo","robots":{"index":"index","follow":"follow","max-snippet":"max-snippet:-1","max-image-preview":"max-image-preview:large","max-video-preview":"max-video-preview:-1"},"canonical":"https:\/\/jfsa.com.br\/es\/jf-se-reestructura-para-convertirse-en-uno-de-los-mayores-conglomerados-industriales-del-mundo\/","og_locale":"es_ES","og_type":"article","og_title":"J&amp;F se reestructura para convertirse en uno de los mayores conglomerados industriales del mundo - J&amp;F","og_description":"Acompanhe as principais novidades das empresas do grupo","og_url":"https:\/\/jfsa.com.br\/es\/jf-se-reestructura-para-convertirse-en-uno-de-los-mayores-conglomerados-industriales-del-mundo\/","og_site_name":"J&amp;F","article_published_time":"2026-02-03T20:54:52+00:00","article_modified_time":"2026-04-07T21:22:55+00:00","og_image":[{"width":2560,"height":1762,"url":"https:\/\/jfsa.com.br\/wp-content\/uploads\/2026\/03\/Matriz-JBS-Ceu-Azul-Alta-2-scaled.jpg","type":"image\/jpeg"}],"author":"J\u00e9ssica Mendes","twitter_card":"summary_large_image","twitter_misc":{"Escrito por":"J\u00e9ssica Mendes","Tiempo de lectura":"4 minutos"},"schema":{"@context":"https:\/\/schema.org","@graph":[{"@type":"Article","@id":"https:\/\/jfsa.com.br\/es\/jf-se-reestructura-para-convertirse-en-uno-de-los-mayores-conglomerados-industriales-del-mundo\/#article","isPartOf":{"@id":"https:\/\/jfsa.com.br\/es\/jf-se-reestructura-para-convertirse-en-uno-de-los-mayores-conglomerados-industriales-del-mundo\/"},"author":{"name":"J\u00e9ssica Mendes","@id":"https:\/\/jfsa.com.br\/es\/#\/schema\/person\/e2db515970d067957a87e7a150af701d"},"headline":"J&amp;F se reestructura para convertirse en uno de los mayores conglomerados industriales del mundo","datePublished":"2026-02-03T20:54:52+00:00","dateModified":"2026-04-07T21:22:55+00:00","mainEntityOfPage":{"@id":"https:\/\/jfsa.com.br\/es\/jf-se-reestructura-para-convertirse-en-uno-de-los-mayores-conglomerados-industriales-del-mundo\/"},"wordCount":792,"publisher":{"@id":"https:\/\/jfsa.com.br\/es\/#organization"},"image":{"@id":"https:\/\/jfsa.com.br\/es\/jf-se-reestructura-para-convertirse-en-uno-de-los-mayores-conglomerados-industriales-del-mundo\/#primaryimage"},"thumbnailUrl":"https:\/\/jfsa.com.br\/wp-content\/uploads\/2026\/03\/Matriz-JBS-Ceu-Azul-Alta-2-scaled.jpg","articleSection":["Sin categorizar"],"inLanguage":"es"},{"@type":"WebPage","@id":"https:\/\/jfsa.com.br\/es\/jf-se-reestructura-para-convertirse-en-uno-de-los-mayores-conglomerados-industriales-del-mundo\/","url":"https:\/\/jfsa.com.br\/es\/jf-se-reestructura-para-convertirse-en-uno-de-los-mayores-conglomerados-industriales-del-mundo\/","name":"J&amp;F se reestructura para convertirse en uno de los mayores conglomerados industriales del mundo - J&amp;F","isPartOf":{"@id":"https:\/\/jfsa.com.br\/es\/#website"},"primaryImageOfPage":{"@id":"https:\/\/jfsa.com.br\/es\/jf-se-reestructura-para-convertirse-en-uno-de-los-mayores-conglomerados-industriales-del-mundo\/#primaryimage"},"image":{"@id":"https:\/\/jfsa.com.br\/es\/jf-se-reestructura-para-convertirse-en-uno-de-los-mayores-conglomerados-industriales-del-mundo\/#primaryimage"},"thumbnailUrl":"https:\/\/jfsa.com.br\/wp-content\/uploads\/2026\/03\/Matriz-JBS-Ceu-Azul-Alta-2-scaled.jpg","datePublished":"2026-02-03T20:54:52+00:00","dateModified":"2026-04-07T21:22:55+00:00","description":"Acompanhe as principais novidades das empresas do grupo","breadcrumb":{"@id":"https:\/\/jfsa.com.br\/es\/jf-se-reestructura-para-convertirse-en-uno-de-los-mayores-conglomerados-industriales-del-mundo\/#breadcrumb"},"inLanguage":"es","potentialAction":[{"@type":"ReadAction","target":["https:\/\/jfsa.com.br\/es\/jf-se-reestructura-para-convertirse-en-uno-de-los-mayores-conglomerados-industriales-del-mundo\/"]}]},{"@type":"ImageObject","inLanguage":"es","@id":"https:\/\/jfsa.com.br\/es\/jf-se-reestructura-para-convertirse-en-uno-de-los-mayores-conglomerados-industriales-del-mundo\/#primaryimage","url":"https:\/\/jfsa.com.br\/wp-content\/uploads\/2026\/03\/Matriz-JBS-Ceu-Azul-Alta-2-scaled.jpg","contentUrl":"https:\/\/jfsa.com.br\/wp-content\/uploads\/2026\/03\/Matriz-JBS-Ceu-Azul-Alta-2-scaled.jpg","width":2560,"height":1762,"caption":"Matriz J&F S.A."},{"@type":"BreadcrumbList","@id":"https:\/\/jfsa.com.br\/es\/jf-se-reestructura-para-convertirse-en-uno-de-los-mayores-conglomerados-industriales-del-mundo\/#breadcrumb","itemListElement":[{"@type":"ListItem","position":1,"name":"In\u00edcio","item":"https:\/\/jfsa.com.br\/es\/"},{"@type":"ListItem","position":2,"name":"J&amp;F se reestructura para convertirse en uno de los mayores conglomerados industriales del mundo"}]},{"@type":"WebSite","@id":"https:\/\/jfsa.com.br\/es\/#website","url":"https:\/\/jfsa.com.br\/es\/","name":"J&amp;F","description":"O maior grupo econ\u00f4mico privado do pa\u00eds","publisher":{"@id":"https:\/\/jfsa.com.br\/es\/#organization"},"potentialAction":[{"@type":"SearchAction","target":{"@type":"EntryPoint","urlTemplate":"https:\/\/jfsa.com.br\/es\/?s={search_term_string}"},"query-input":{"@type":"PropertyValueSpecification","valueRequired":true,"valueName":"search_term_string"}}],"inLanguage":"es"},{"@type":"Organization","@id":"https:\/\/jfsa.com.br\/es\/#organization","name":"J&amp;F","url":"https:\/\/jfsa.com.br\/es\/","logo":{"@type":"ImageObject","inLanguage":"es","@id":"https:\/\/jfsa.com.br\/es\/#\/schema\/logo\/image\/","url":"https:\/\/jfsa.com.br\/wp-content\/uploads\/2020\/01\/logo.svg","contentUrl":"https:\/\/jfsa.com.br\/wp-content\/uploads\/2020\/01\/logo.svg","width":59,"height":59,"caption":"J&amp;F"},"image":{"@id":"https:\/\/jfsa.com.br\/es\/#\/schema\/logo\/image\/"}},{"@type":"Person","@id":"https:\/\/jfsa.com.br\/es\/#\/schema\/person\/e2db515970d067957a87e7a150af701d","name":"J\u00e9ssica Mendes","image":{"@type":"ImageObject","inLanguage":"es","@id":"https:\/\/jfsa.com.br\/es\/#\/schema\/person\/image\/","url":"https:\/\/secure.gravatar.com\/avatar\/113c063eb2c07a489e658222d72395aa?s=96&d=mm&r=g","contentUrl":"https:\/\/secure.gravatar.com\/avatar\/113c063eb2c07a489e658222d72395aa?s=96&d=mm&r=g","caption":"J\u00e9ssica Mendes"}}]}},"uagb_featured_image_src":{"full":["https:\/\/jfsa.com.br\/wp-content\/uploads\/2026\/03\/Matriz-JBS-Ceu-Azul-Alta-2-scaled.jpg",2560,1762,false],"thumbnail":["https:\/\/jfsa.com.br\/wp-content\/uploads\/2026\/03\/Matriz-JBS-Ceu-Azul-Alta-2-300x300.jpg",300,300,true],"medium":["https:\/\/jfsa.com.br\/wp-content\/uploads\/2026\/03\/Matriz-JBS-Ceu-Azul-Alta-2-640x440.jpg",640,440,true],"medium_large":["https:\/\/jfsa.com.br\/wp-content\/uploads\/2026\/03\/Matriz-JBS-Ceu-Azul-Alta-2-768x529.jpg",768,529,true],"large":["https:\/\/jfsa.com.br\/wp-content\/uploads\/2026\/03\/Matriz-JBS-Ceu-Azul-Alta-2-1024x705.jpg",1024,705,true],"1536x1536":["https:\/\/jfsa.com.br\/wp-content\/uploads\/2026\/03\/Matriz-JBS-Ceu-Azul-Alta-2-1536x1057.jpg",1536,1057,true],"2048x2048":["https:\/\/jfsa.com.br\/wp-content\/uploads\/2026\/03\/Matriz-JBS-Ceu-Azul-Alta-2-2048x1410.jpg",2048,1410,true]},"uagb_author_info":{"display_name":"J\u00e9ssica Mendes","author_link":"https:\/\/jfsa.com.br\/es\/author\/jessica-mendes\/"},"uagb_comment_info":0,"uagb_excerpt":"La empresa refuerza la gobernanza con un nuevo Consejo de Administraci\u00f3n y un Consejo Fiscal independiente; la empresa recibe la calificaci\u00f3n BB+\/Ba1 de las principales agencias, a un paso de la categor\u00eda de inversi\u00f3n J&amp;F S.A. ha anunciado una reestructuraci\u00f3n interna que la transforma de una sociedad holding de inversiones en uno de los mayores&hellip;","_links":{"self":[{"href":"https:\/\/jfsa.com.br\/es\/wp-json\/wp\/v2\/posts\/7780","targetHints":{"allow":["GET"]}}],"collection":[{"href":"https:\/\/jfsa.com.br\/es\/wp-json\/wp\/v2\/posts"}],"about":[{"href":"https:\/\/jfsa.com.br\/es\/wp-json\/wp\/v2\/types\/post"}],"author":[{"embeddable":true,"href":"https:\/\/jfsa.com.br\/es\/wp-json\/wp\/v2\/users\/34"}],"replies":[{"embeddable":true,"href":"https:\/\/jfsa.com.br\/es\/wp-json\/wp\/v2\/comments?post=7780"}],"version-history":[{"count":1,"href":"https:\/\/jfsa.com.br\/es\/wp-json\/wp\/v2\/posts\/7780\/revisions"}],"predecessor-version":[{"id":7781,"href":"https:\/\/jfsa.com.br\/es\/wp-json\/wp\/v2\/posts\/7780\/revisions\/7781"}],"wp:featuredmedia":[{"embeddable":true,"href":"https:\/\/jfsa.com.br\/es\/wp-json\/wp\/v2\/media\/7566"}],"wp:attachment":[{"href":"https:\/\/jfsa.com.br\/es\/wp-json\/wp\/v2\/media?parent=7780"}],"wp:term":[{"taxonomy":"category","embeddable":true,"href":"https:\/\/jfsa.com.br\/es\/wp-json\/wp\/v2\/categories?post=7780"},{"taxonomy":"post_tag","embeddable":true,"href":"https:\/\/jfsa.com.br\/es\/wp-json\/wp\/v2\/tags?post=7780"},{"taxonomy":"marcas","embeddable":true,"href":"https:\/\/jfsa.com.br\/es\/wp-json\/wp\/v2\/marcas?post=7780"}],"curies":[{"name":"wp","href":"https:\/\/api.w.org\/{rel}","templated":true}]}}